{"id":7243,"date":"2023-12-22T14:02:03","date_gmt":"2023-12-22T13:02:03","guid":{"rendered":"https:\/\/radenergy.es\/?p=7243"},"modified":"2023-12-22T14:02:07","modified_gmt":"2023-12-22T13:02:07","slug":"placas-solares-y-coches-electricos-una-combinacion-energetica-perfecta","status":"publish","type":"post","link":"https:\/\/radenergy.es\/es\/placas-solares-y-coches-electricos-una-combinacion-energetica-perfecta\/","title":{"rendered":"Placas solares y coches el\u00e9ctricos: Una combinaci\u00f3n energ\u00e9tica perfecta"},"content":{"rendered":"\n<p>Las placas solares y los autos el\u00e9ctricos han ido de la mano en la revoluci\u00f3n hacia una movilidad m\u00e1s sostenible. \u00bfQu\u00e9 sucede cuando unimos estas dos tecnolog\u00edas innovadoras? La combinaci\u00f3n resultante no solo promete una mayor eficiencia energ\u00e9tica, sino que tambi\u00e9n abre las puertas hacia un futuro m\u00e1s limpio y respetuoso con el medio ambiente.<\/p>\n\n\n\n<figure class=\"wp-block-image size-full\"><img decoding=\"async\" width=\"1280\" height=\"853\" src=\"https:\/\/radenergy.es\/wp-content\/uploads\/2023\/12\/estacion-electrica.jpg\" alt=\"\" class=\"wp-image-7247\" srcset=\"https:\/\/radenergy.es\/wp-content\/uploads\/2023\/12\/estacion-electrica.jpg 1280w, https:\/\/radenergy.es\/wp-content\/uploads\/2023\/12\/estacion-electrica-300x200.jpg 300w, https:\/\/radenergy.es\/wp-content\/uploads\/2023\/12\/estacion-electrica-768x512.jpg 768w, https:\/\/radenergy.es\/wp-content\/uploads\/2023\/12\/estacion-electrica-930x620.jpg 930w\" sizes=\"(max-width: 1280px) 100vw, 1280px\" \/><\/figure>\n\n\n\n<h2 class=\"wp-block-heading\">Beneficios de la combinaci\u00f3n entre placas solares y coches el\u00e9ctricos<\/h2>\n\n\n\n<h3 class=\"wp-block-heading\">1. Energ\u00eda renovable para la movilidad<\/h3>\n\n\n\n<p>La integraci\u00f3n de placas solares en el contexto de veh\u00edculos el\u00e9ctricos permite aprovechar la energ\u00eda del sol para alimentar la movilidad. Estos veh\u00edculos pueden cargarse directamente con energ\u00eda solar, reduciendo as\u00ed la dependencia de fuentes de energ\u00eda no renovables.<\/p>\n\n\n\n<h3 class=\"wp-block-heading\">2. Reducci\u00f3n de emisiones de carbono<\/h3>\n\n\n\n<p>Al usar energ\u00eda solar para cargar autom\u00f3viles el\u00e9ctricos, se reduce significativamente la huella de carbono asociada con la conducci\u00f3n. Este enfoque contribuye directamente a la mitigaci\u00f3n del cambio clim\u00e1tico y a la mejora de la calidad del aire.<\/p>\n\n\n\n<h3 class=\"wp-block-heading\">3. Ahorro econ\u00f3mico a largo plazo<\/h3>\n\n\n\n<p>Aunque la inversi\u00f3n inicial puede parecer considerable, a largo plazo, la combinaci\u00f3n de placas solares y autos el\u00e9ctricos resulta en ahorros significativos en costos de combustible y mantenimiento. Adem\u00e1s, algunos gobiernos ofrecen incentivos fiscales para promover esta transici\u00f3n hacia la movilidad sostenible.<\/p>\n\n\n\n<h3 class=\"wp-block-heading\">Tabla de datos relevantes<\/h3>\n\n\n\n<figure class=\"wp-block-table\"><table><thead><tr><th><strong>Datos<\/strong><\/th><th><strong>Estad\u00edsticas<\/strong><\/th><\/tr><\/thead><tbody><tr><td>Emisiones Evitadas<\/td><td>Reducci\u00f3n del 100% de emisiones directas<\/td><\/tr><tr><td>Ahorro Anual<\/td><td>Hasta un 60% en costos de combustible<\/td><\/tr><tr><td>Tiempo de Vida<\/td><td>Las placas solares pueden durar m\u00e1s de 25 a\u00f1os<\/td><\/tr><tr><td>Kil\u00f3metros por Carga<\/td><td>Var\u00eda entre 300 y 400 km dependiendo del modelo<\/td><\/tr><\/tbody><\/table><\/figure>\n\n\n\n<h2 class=\"wp-block-heading\">Aspectos a considerar<\/h2>\n\n\n\n<h3 class=\"wp-block-heading\">1. Limitaciones en la carga solar<\/h3>\n\n\n\n<p>La cantidad de energ\u00eda que se puede capturar de manera efectiva a trav\u00e9s de placas solares en un autom\u00f3vil puede verse afectada por factores como el clima y la ubicaci\u00f3n geogr\u00e1fica.<\/p>\n\n\n\n<h3 class=\"wp-block-heading\">2. Infraestructura de carga<\/h3>\n\n\n\n<p>A pesar del crecimiento, la infraestructura de carga solar a\u00fan puede ser limitada en algunas \u00e1reas, lo que puede afectar la conveniencia de recargar los veh\u00edculos el\u00e9ctricos con energ\u00eda solar.<\/p>\n\n\n\n<figure class=\"wp-block-image size-full\"><img decoding=\"async\" width=\"1280\" height=\"853\" src=\"https:\/\/radenergy.es\/wp-content\/uploads\/2023\/12\/estacion-de-carga.jpg\" alt=\"estaci\u00f3n de carga el\u00e9ctrica\" class=\"wp-image-7250\" srcset=\"https:\/\/radenergy.es\/wp-content\/uploads\/2023\/12\/estacion-de-carga.jpg 1280w, https:\/\/radenergy.es\/wp-content\/uploads\/2023\/12\/estacion-de-carga-300x200.jpg 300w, https:\/\/radenergy.es\/wp-content\/uploads\/2023\/12\/estacion-de-carga-768x512.jpg 768w, https:\/\/radenergy.es\/wp-content\/uploads\/2023\/12\/estacion-de-carga-930x620.jpg 930w\" sizes=\"(max-width: 1280px) 100vw, 1280px\" \/><\/figure>\n\n\n\n<h2 class=\"wp-block-heading\">Conclusi\u00f3n<\/h2>\n\n\n\n<p>La convergencia de placas solares y autos el\u00e9ctricos representa un hito significativo hacia un futuro m\u00e1s sostenible en la movilidad. A pesar de algunos desaf\u00edos, los beneficios ambientales, econ\u00f3micos y tecnol\u00f3gicos superan con creces las limitaciones actuales. Esta combinaci\u00f3n perfecta allana el camino hacia una sociedad m\u00e1s ecol\u00f3gica y consciente del impacto ambiental.<\/p>\n\n\n\n<h3 class=\"wp-block-heading\">\u00bfTodos los veh\u00edculos el\u00e9ctricos pueden cargarse con energ\u00eda solar?<\/h3>\n\n\n\n<p>No todos los veh\u00edculos el\u00e9ctricos vienen equipados con la capacidad de carga solar integrada. Sin embargo, algunas marcas ofrecen opciones o adaptaciones para integrar placas solares.<\/p>\n\n\n\n<h3 class=\"wp-block-heading\">\u00bfLa instalaci\u00f3n de placas solares en casa puede cargar un autom\u00f3vil el\u00e9ctrico?<\/h3>\n\n\n\n<p>S\u00ed, la energ\u00eda generada por las placas solares en un hogar puede utilizarse para cargar un autom\u00f3vil el\u00e9ctrico, siempre y cuando se tenga un sistema de carga compatible.<\/p>\n\n\n\n<p>La combinaci\u00f3n de placas solares y coches el\u00e9ctricos se perfila como una estrategia clave para un futuro m\u00e1s sostenible. Esta sinergia entre la energ\u00eda solar y la movilidad el\u00e9ctrica tiene el potencial de transformar nuestra manera de desplazarnos, priorizando la eficiencia y el cuidado del medio ambiente.<\/p>\n","protected":false},"excerpt":{"rendered":"<p>Las placas solares y los autos el\u00e9ctricos han ido de la mano en la revoluci\u00f3n hacia una movilidad m\u00e1s sostenible. \u00bfQu\u00e9 sucede cuando unimos estas dos tecnolog\u00edas innovadoras? La combinaci\u00f3n resultante no solo promete una mayor eficiencia energ\u00e9tica, sino que tambi\u00e9n abre las puertas hacia un futuro m\u00e1s limpio y respetuoso con el medio ambiente.&hellip;&nbsp;<a href=\"https:\/\/radenergy.es\/es\/placas-solares-y-coches-electricos-una-combinacion-energetica-perfecta\/\" class=\"\" rel=\"bookmark\">Leer m\u00e1s &raquo;<span class=\"screen-reader-text\">Placas solares y coches el\u00e9ctricos: Una combinaci\u00f3n energ\u00e9tica perfecta<\/span><\/a><\/p>\n","protected":false},"author":2,"featured_media":7244,"comment_status":"closed","ping_status":"open","sticky":false,"template":"","format":"standard","meta":{"_monsterinsights_skip_tracking":false,"_monsterinsights_sitenote_active":false,"_monsterinsights_sitenote_note":"","_monsterinsights_sitenote_category":0,"_uf_show_specific_survey":0,"_uf_disable_surveys":false,"neve_meta_sidebar":"","neve_meta_container":"","neve_meta_enable_content_width":"","neve_meta_content_width":0,"neve_meta_title_alignment":"","neve_meta_author_avatar":"","neve_post_elements_order":"","neve_meta_disable_header":"","neve_meta_disable_footer":"","neve_meta_disable_title":"","_themeisle_gutenberg_block_has_review":false,"footnotes":""},"categories":[48],"tags":[],"class_list":["post-7243","post","type-post","status-publish","format-standard","has-post-thumbnail","hentry","category-renovables"],"aioseo_notices":[],"featured_image_urls_v2":{"full":["https:\/\/radenergy.es\/wp-content\/uploads\/2023\/12\/coche-electrico.jpg",1280,719,false],"thumbnail":["https:\/\/radenergy.es\/wp-content\/uploads\/2023\/12\/coche-electrico-150x150.jpg",150,150,true],"medium":["https:\/\/radenergy.es\/wp-content\/uploads\/2023\/12\/coche-electrico-300x169.jpg",300,169,true],"medium_large":["https:\/\/radenergy.es\/wp-content\/uploads\/2023\/12\/coche-electrico-768x431.jpg",768,431,true],"large":["https:\/\/radenergy.es\/wp-content\/uploads\/2023\/12\/coche-electrico.jpg",1200,674,false],"rpg_gallery_admin_thumb":["https:\/\/radenergy.es\/wp-content\/uploads\/2023\/12\/coche-electrico-150x150.jpg",150,150,true],"rpg_gallery_thumb":["https:\/\/radenergy.es\/wp-content\/uploads\/2023\/12\/coche-electrico-150x150.jpg",150,150,true],"1536x1536":["https:\/\/radenergy.es\/wp-content\/uploads\/2023\/12\/coche-electrico.jpg",1280,719,false],"2048x2048":["https:\/\/radenergy.es\/wp-content\/uploads\/2023\/12\/coche-electrico.jpg",1280,719,false],"neve-blog":["https:\/\/radenergy.es\/wp-content\/uploads\/2023\/12\/coche-electrico-930x620.jpg",930,620,true]},"post_excerpt_stackable_v2":"<p>Las placas solares y los autos el\u00e9ctricos han ido de la mano en la revoluci\u00f3n hacia una movilidad m\u00e1s sostenible. \u00bfQu\u00e9 sucede cuando unimos estas dos tecnolog\u00edas innovadoras? La combinaci\u00f3n resultante no solo promete una mayor eficiencia energ\u00e9tica, sino que tambi\u00e9n abre las puertas hacia un futuro m\u00e1s limpio y respetuoso con el medio ambiente. Beneficios de la combinaci\u00f3n entre placas solares y coches el\u00e9ctricos 1. Energ\u00eda renovable para la movilidad La integraci\u00f3n de placas solares en el contexto de veh\u00edculos el\u00e9ctricos permite aprovechar la energ\u00eda del sol para alimentar la movilidad. Estos veh\u00edculos pueden cargarse directamente con energ\u00eda solar,&hellip;<\/p>\n","category_list_v2":"<a href=\"https:\/\/radenergy.es\/es\/category\/renovables\/\" rel=\"category tag\">Renovables<\/a>","author_info_v2":{"name":"radenergy","url":"https:\/\/radenergy.es\/es\/author\/radenergy\/"},"comments_num_v2":"0 comentarios","_links":{"self":[{"href":"https:\/\/radenergy.es\/es\/wp-json\/wp\/v2\/posts\/7243"}],"collection":[{"href":"https:\/\/radenergy.es\/es\/wp-json\/wp\/v2\/posts"}],"about":[{"href":"https:\/\/radenergy.es\/es\/wp-json\/wp\/v2\/types\/post"}],"author":[{"embeddable":true,"href":"https:\/\/radenergy.es\/es\/wp-json\/wp\/v2\/users\/2"}],"replies":[{"embeddable":true,"href":"https:\/\/radenergy.es\/es\/wp-json\/wp\/v2\/comments?post=7243"}],"version-history":[{"count":1,"href":"https:\/\/radenergy.es\/es\/wp-json\/wp\/v2\/posts\/7243\/revisions"}],"predecessor-version":[{"id":7253,"href":"https:\/\/radenergy.es\/es\/wp-json\/wp\/v2\/posts\/7243\/revisions\/7253"}],"wp:featuredmedia":[{"embeddable":true,"href":"https:\/\/radenergy.es\/es\/wp-json\/wp\/v2\/media\/7244"}],"wp:attachment":[{"href":"https:\/\/radenergy.es\/es\/wp-json\/wp\/v2\/media?parent=7243"}],"wp:term":[{"taxonomy":"category","embeddable":true,"href":"https:\/\/radenergy.es\/es\/wp-json\/wp\/v2\/categories?post=7243"},{"taxonomy":"post_tag","embeddable":true,"href":"https:\/\/radenergy.es\/es\/wp-json\/wp\/v2\/tags?post=7243"}],"curies":[{"name":"wp","href":"https:\/\/api.w.org\/{rel}","templated":true}]}}