{"id":10035,"date":"2024-08-06T11:31:15","date_gmt":"2024-08-06T10:31:15","guid":{"rendered":"https:\/\/radenergy.es\/?p=10035"},"modified":"2024-08-06T11:33:52","modified_gmt":"2024-08-06T10:33:52","slug":"la-energia-eolica-y-solar-alcanzo-un-maximo-historico-en-la-primera-mitad-de-2024","status":"publish","type":"post","link":"https:\/\/radenergy.es\/es\/la-energia-eolica-y-solar-alcanzo-un-maximo-historico-en-la-primera-mitad-de-2024\/","title":{"rendered":"LA ENERG\u00cdA E\u00d3LICA Y SOLAR ALCANZ\u00d3 UN M\u00c1XIMO HIST\u00d3RICO EN LA PRIMERA MITAD DE 2024"},"content":{"rendered":"\n<h2 class=\"wp-block-heading\">Durante los primeros seis meses de 2024, 13 pa\u00edses miembros de la Uni\u00f3n Europea produjeron m\u00e1s energ\u00eda e\u00f3lica y SOLAR que de combustibles f\u00f3siles<\/h2>\n\n\n\n<p>Por primera vez, el viento y la energ\u00eda solar generaron m\u00e1s electricidad en la UE que los combustibles f\u00f3siles en la primera mitad de este a\u00f1o.<\/p>\n\n\n\n<p>Un nuevo an\u00e1lisis del centro de estudios energ\u00e9ticos <strong><em>Ember<\/em><\/strong> revel\u00f3 que la electricidad proveniente del viento y la solar alcanz\u00f3 un m\u00e1ximo hist\u00f3rico del 30 por ciento en los \u00faltimos seis meses, en comparaci\u00f3n con el 27 por ciento de los combustibles f\u00f3siles. El 43 por ciento restante provino de una mezcla de energ\u00eda hidroel\u00e9ctrica, nuclear y otras fuentes.<\/p>\n\n\n\n<p>La electricidad generada a partir de combustibles f\u00f3siles cay\u00f3 un 17 por ciento durante el mismo per\u00edodo, a pesar de la recuperaci\u00f3n de la demanda tras la crisis de precios del gas. La continua y fuerte expansi\u00f3n de la energ\u00eda e\u00f3lica y solar en la UE super\u00f3 este repunte en la demanda.<\/p>\n\n\n\n<p>La energ\u00eda e\u00f3lica y la solar han superado ahora a los combustibles f\u00f3siles en 13 Estados miembros de la UE: Austria, B\u00e9lgica, Dinamarca, Finlandia, Francia, Alemania, Hungr\u00eda, Lituania, Luxemburgo, Portugal, Espa\u00f1a, Pa\u00edses Bajos y Suecia.<\/p>\n\n\n\n<p>En conjunto, estos pa\u00edses representan el 70 por ciento de la demanda total de electricidad de la UE, mientras que el 30 por ciento restante se distribuye entre 14 estados. Hace apenas cinco a\u00f1os, solo cuatro pa\u00edses de 27 generaban m\u00e1s electricidad a partir de viento y solar que de combustibles f\u00f3siles, y estos representaban solo el 20 por ciento de la demanda de electricidad del bloque.<\/p>\n\n\n\n<p>B\u00e9lgica, Alemania, Hungr\u00eda y los Pa\u00edses Bajos alcanzaron este hito por primera vez durante los primeros seis meses de 2024.<\/p>\n\n\n\n<p>Cinco pa\u00edses fueron responsables de las tres cuartas partes de la reducci\u00f3n en la generaci\u00f3n de combustibles f\u00f3siles en la UE durante la primera mitad de 2024: B\u00e9lgica, Francia, Alemania, Italia y Espa\u00f1a. Alemania experiment\u00f3 la mayor disminuci\u00f3n, con una ca\u00edda de m\u00e1s de un cuarto en la generaci\u00f3n de electricidad a partir del carb\u00f3n.<\/p>\n\n\n\n<p>Otros pa\u00edses tambi\u00e9n lograron importantes hitos en energ\u00eda renovable en los \u00faltimos seis meses. En mayo, m\u00e1s de la mitad de la electricidad en Espa\u00f1a provino del viento y la solar por primera vez. Durante el mismo mes, Polonia gener\u00f3 un tercio de su electricidad a partir de viento y solar. Hungr\u00eda tambi\u00e9n estableci\u00f3 nuevos r\u00e9cords de generaci\u00f3n solar en abril, mayo y junio de este a\u00f1o.<\/p>\n\n\n\n<blockquote class=\"wp-block-quote is-layout-flow wp-block-quote-is-layout-flow\">\n<p><\/p>\n<cite>Fuente: &nbsp;Frost, R.<em>&nbsp;\u2018Freedom from fossil power\u2019: Wind and solar electricity grew to all-time high in first half of 2024.<\/em>&nbsp;Euronews.<\/cite><\/blockquote>\n","protected":false},"excerpt":{"rendered":"<p>Durante los primeros seis meses de 2024, 13 pa\u00edses miembros de la Uni\u00f3n Europea produjeron m\u00e1s energ\u00eda e\u00f3lica y SOLAR que de combustibles f\u00f3siles Por primera vez, el viento y la energ\u00eda solar generaron m\u00e1s electricidad en la UE que los combustibles f\u00f3siles en la primera mitad de este a\u00f1o. Un nuevo an\u00e1lisis del centro&hellip;&nbsp;<a href=\"https:\/\/radenergy.es\/es\/la-energia-eolica-y-solar-alcanzo-un-maximo-historico-en-la-primera-mitad-de-2024\/\" class=\"\" rel=\"bookmark\">Leer m\u00e1s &raquo;<span class=\"screen-reader-text\">LA ENERG\u00cdA E\u00d3LICA Y SOLAR ALCANZ\u00d3 UN M\u00c1XIMO HIST\u00d3RICO EN LA PRIMERA MITAD DE 2024<\/span><\/a><\/p>\n","protected":false},"author":9,"featured_media":10266,"comment_status":"open","ping_status":"open","sticky":false,"template":"","format":"standard","meta":{"_monsterinsights_skip_tracking":false,"_monsterinsights_sitenote_active":false,"_monsterinsights_sitenote_note":"","_monsterinsights_sitenote_category":0,"_uf_show_specific_survey":0,"_uf_disable_surveys":false,"neve_meta_sidebar":"","neve_meta_container":"","neve_meta_enable_content_width":"","neve_meta_content_width":0,"neve_meta_title_alignment":"","neve_meta_author_avatar":"","neve_post_elements_order":"","neve_meta_disable_header":"off","neve_meta_disable_footer":"off","neve_meta_disable_title":"","_themeisle_gutenberg_block_has_review":false,"footnotes":""},"categories":[48],"tags":[],"class_list":["post-10035","post","type-post","status-publish","format-standard","has-post-thumbnail","hentry","category-renovables"],"aioseo_notices":[],"featured_image_urls_v2":{"full":["https:\/\/radenergy.es\/wp-content\/uploads\/2024\/08\/pexels-orlando-s-197680330-13205474-1.jpg",1280,960,false],"thumbnail":["https:\/\/radenergy.es\/wp-content\/uploads\/2024\/08\/pexels-orlando-s-197680330-13205474-1-150x150.jpg",150,150,true],"medium":["https:\/\/radenergy.es\/wp-content\/uploads\/2024\/08\/pexels-orlando-s-197680330-13205474-1-300x225.jpg",300,225,true],"medium_large":["https:\/\/radenergy.es\/wp-content\/uploads\/2024\/08\/pexels-orlando-s-197680330-13205474-1-768x576.jpg",768,576,true],"large":["https:\/\/radenergy.es\/wp-content\/uploads\/2024\/08\/pexels-orlando-s-197680330-13205474-1.jpg",1200,900,false],"rpg_gallery_admin_thumb":["https:\/\/radenergy.es\/wp-content\/uploads\/2024\/08\/pexels-orlando-s-197680330-13205474-1-150x150.jpg",150,150,true],"rpg_gallery_thumb":["https:\/\/radenergy.es\/wp-content\/uploads\/2024\/08\/pexels-orlando-s-197680330-13205474-1-150x150.jpg",150,150,true],"1536x1536":["https:\/\/radenergy.es\/wp-content\/uploads\/2024\/08\/pexels-orlando-s-197680330-13205474-1.jpg",1280,960,false],"2048x2048":["https:\/\/radenergy.es\/wp-content\/uploads\/2024\/08\/pexels-orlando-s-197680330-13205474-1.jpg",1280,960,false],"neve-blog":["https:\/\/radenergy.es\/wp-content\/uploads\/2024\/08\/pexels-orlando-s-197680330-13205474-1-930x620.jpg",930,620,true]},"post_excerpt_stackable_v2":"<p>Durante los primeros seis meses de 2024, 13 pa\u00edses miembros de la Uni\u00f3n Europea produjeron m\u00e1s energ\u00eda e\u00f3lica y SOLAR que de combustibles f\u00f3siles Por primera vez, el viento y la energ\u00eda solar generaron m\u00e1s electricidad en la UE que los combustibles f\u00f3siles en la primera mitad de este a\u00f1o. Un nuevo an\u00e1lisis del centro de estudios energ\u00e9ticos Ember revel\u00f3 que la electricidad proveniente del viento y la solar alcanz\u00f3 un m\u00e1ximo hist\u00f3rico del 30 por ciento en los \u00faltimos seis meses, en comparaci\u00f3n con el 27 por ciento de los combustibles f\u00f3siles. El 43 por ciento restante provino de&hellip;<\/p>\n","category_list_v2":"<a href=\"https:\/\/radenergy.es\/es\/category\/renovables\/\" rel=\"category tag\">Renovables<\/a>","author_info_v2":{"name":"Maria Rosario","url":"https:\/\/radenergy.es\/es\/author\/maria\/"},"comments_num_v2":"0 comentarios","_links":{"self":[{"href":"https:\/\/radenergy.es\/es\/wp-json\/wp\/v2\/posts\/10035"}],"collection":[{"href":"https:\/\/radenergy.es\/es\/wp-json\/wp\/v2\/posts"}],"about":[{"href":"https:\/\/radenergy.es\/es\/wp-json\/wp\/v2\/types\/post"}],"author":[{"embeddable":true,"href":"https:\/\/radenergy.es\/es\/wp-json\/wp\/v2\/users\/9"}],"replies":[{"embeddable":true,"href":"https:\/\/radenergy.es\/es\/wp-json\/wp\/v2\/comments?post=10035"}],"version-history":[{"count":2,"href":"https:\/\/radenergy.es\/es\/wp-json\/wp\/v2\/posts\/10035\/revisions"}],"predecessor-version":[{"id":10038,"href":"https:\/\/radenergy.es\/es\/wp-json\/wp\/v2\/posts\/10035\/revisions\/10038"}],"wp:featuredmedia":[{"embeddable":true,"href":"https:\/\/radenergy.es\/es\/wp-json\/wp\/v2\/media\/10266"}],"wp:attachment":[{"href":"https:\/\/radenergy.es\/es\/wp-json\/wp\/v2\/media?parent=10035"}],"wp:term":[{"taxonomy":"category","embeddable":true,"href":"https:\/\/radenergy.es\/es\/wp-json\/wp\/v2\/categories?post=10035"},{"taxonomy":"post_tag","embeddable":true,"href":"https:\/\/radenergy.es\/es\/wp-json\/wp\/v2\/tags?post=10035"}],"curies":[{"name":"wp","href":"https:\/\/api.w.org\/{rel}","templated":true}]}}